{"id":400,"date":"2021-09-19T23:50:17","date_gmt":"2021-09-19T21:50:17","guid":{"rendered":"https:\/\/netzwerkkommunalismus.wordpress.com\/?p=400"},"modified":"2021-09-19T23:50:17","modified_gmt":"2021-09-19T21:50:17","slug":"konkreter-kommunalismus-munsterliste-schriftenreihe-und-tagung","status":"publish","type":"post","link":"https:\/\/kommunalismus.org\/?p=400","title":{"rendered":"&#8222;Konkreter Kommunalismus&#8220;: M\u00fcnsterliste, Schriftenreihe und Tagung"},"content":{"rendered":"\n<p><em>Eine Gruppe in M\u00fcnster (Deutschland) hat vor einigen Jahren damit begonnen, Kommunalismus in die politische Praxis umzusetzen. Vom 19.-21. August 2022 wird sie die Tagung &#8222;Die Revolution beginnt in den Stadtteilen&#8220; organisieren. Unter <a href=\"https:\/\/netzwerkkommunalismus.wordpress.com\/texte\/\">Literatur\/Texte<\/a> ist die Schriftenreihe &#8222;Kommunalismus aktuell&#8220; ab sofort als Download verf\u00fcgbar (wird laufend erweitert).<\/em><\/p>\n\n\n\n<p>Rund zwei Jahre vor der Kommunalwahl 2020 in Nordrhein-Westfalen fand sich in der Wiedert\u00e4uferstadt M\u00fcnster eine Gruppe aus verschiedenen \u00f6rtlichen Initiativen (u.a. Stadtteilarbeit, Wohnraum, Antirassismus, Recht auf Stadt) zusammen, um mit einem kommunalistischen oder auch munizipalistischen Programm zur Kommunalwahl in M\u00fcnster anzutreten. Ziel der Gruppe war es in den Stadtrat einzuziehen, um so unter anderem auf mehr direkte Beteiligung der Einwohner*innen zu dr\u00e4ngen und um auch die nicht \u00f6ffentlichen Ratsvorlagen f\u00fcr die politische Arbeit in den Gruppen und Initiativen zu erhalten. Zun\u00e4chst wurde parallel ein Grundsatz- und ein Wahlprogramm erarbeitet. Neben konkreten \u00f6rtlichen Forderungen wurde, wie die Gruppe ihn heute nennt, der auf die Arbeiten von Murray Bookchin aufbauende \u201eKonkrete Kommunalismus\u201c entwickelt. Dieser zeichnet sich durch konkurrierende Politikziele (nachhaltig, offen, sozial und basisdemokratisch) f\u00fcr lokale und auch konf\u00f6derale \u00fcber\u00f6rtliche Arbeit aus. Innerhalb dieses politischen Rahmens will die M\u00fcnsterliste \u2013 kommunalistische Gruppen in anderen Orten w\u00e4hlen sich nat\u00fcrlich ihren politischen Rahmen v\u00f6llig autonom \u2013 auf die \u00f6ffentlichen Angelegenheiten in M\u00fcnster (und den Nachbarkommunen) einwirken. In die Wahl ging die Liste mit 33 Direktkandidat*innen, davon waren jeweils rund die H\u00e4lfte der Kandidat*innen weiblich und \/ oder hatten eine Migrationsvorgeschichte. Spitzenkandidat der Ratsliste war der Grieche Georgios Tsakalidis. Tats\u00e4chlich gelang den Kommunalist*innen der Einzug in den Rat. 1848 M\u00fcnsteraner*innen gaben ihnen ihre Stimme. Leider konnten sie aber mit der Ratsarbeit gar nicht erst beginnen, da der gew\u00e4hlte Ratsvertreter Tsakalidis noch vor der ersten Ratssitzung die M\u00fcnsterliste verliess. Trotz schriftlicher Zusage, beim Austritt auf die Wahrnehmung von Mandaten zu verzichten, behielt er das Ratsmandat. Er trat \u00fcbrigens ohne politische Begr\u00fcndung aus der M\u00fcnsterliste aus. \u201eTrotzdem arbeitet die M\u00fcnsterliste weiter, wenn auch nicht so, wie wir es erhofft hatten\u201c, erkl\u00e4rte Werner Szybalski, gemeinsam mit Sarah Geselbracht Co-Sprecher*innen der M\u00fcnsterliste. Neben direkten Aktionen werden Antr\u00e4ge gem\u00e4ss der Gemeindeordnung NRW an den Stadtrat und die Bezirksvertretungen gestellt und die Menschen in den Quartieren \u00fcber die Planungen der Stadtverwaltung und der Ratsparteien, wann immer m\u00f6glich, fr\u00fchzeitig informiert.<br>Im kommenden Sommer (19.\u201321. August 2022) wird die M\u00fcnsterliste mit Partner*innen die Tagung \u201eDie Revolution beginnt in den Stadtteilen\u201c in M\u00fcnster durchf\u00fchren. Es werden Filme gezeigt, die Ausstellung \u201e150 Jahre Pariser Kommune\u201c pr\u00e4sentiert, die Themenfelder Historie, Theorie, aktuelle Beispiele und praktische Ans\u00e4tze sowie der \u201eKonkreter Kommunalismus\u201c in Vortr\u00e4gen und Workshops bearbeitet sowie nat\u00fcrlich viel diskutiert und gefeiert werden.<br><a rel=\"noreferrer noopener\" href=\"http:\/\/www.m\u00fcnster-ist-bunt.de\" target=\"_blank\">www.m\u00fcnster-ist-bunt.de<\/a><\/p>\n","protected":false},"excerpt":{"rendered":"<p>Eine Gruppe in M\u00fcnster (Deutschland) hat vor einigen Jahren damit begonnen, Kommunalismus in die politische Praxis umzusetzen. Vom 19.-21. August 2022 wird sie die Tagung &#8222;Die Revolution beginnt in den Stadtteilen&#8220; organisieren. Unter Literatur\/Texte ist die Schriftenreihe &#8222;Kommunalismus aktuell&#8220; ab sofort als Download verf\u00fcgbar (wird laufend erweitert). Rund zwei Jahre vor der Kommunalwahl 2020 in [&hellip;]<\/p>\n","protected":false},"author":1,"featured_media":0,"comment_status":"open","ping_status":"open","sticky":false,"template":"","format":"standard","meta":{"footnotes":""},"categories":[6,23],"tags":[74,168,176,185,186,187],"class_list":["post-400","post","type-post","status-publish","format-standard","hentry","category-basisdemokratie","category-munizipalismus","tag-bookchin","tag-kommunalismus","tag-konkreter-kommunalismus","tag-muenster","tag-muenster-liste","tag-muensterliste"],"_links":{"self":[{"href":"https:\/\/kommunalismus.org\/index.php?rest_route=\/wp\/v2\/posts\/400","targetHints":{"allow":["GET"]}}],"collection":[{"href":"https:\/\/kommunalismus.org\/index.php?rest_route=\/wp\/v2\/posts"}],"about":[{"href":"https:\/\/kommunalismus.org\/index.php?rest_route=\/wp\/v2\/types\/post"}],"author":[{"embeddable":true,"href":"https:\/\/kommunalismus.org\/index.php?rest_route=\/wp\/v2\/users\/1"}],"replies":[{"embeddable":true,"href":"https:\/\/kommunalismus.org\/index.php?rest_route=%2Fwp%2Fv2%2Fcomments&post=400"}],"version-history":[{"count":0,"href":"https:\/\/kommunalismus.org\/index.php?rest_route=\/wp\/v2\/posts\/400\/revisions"}],"wp:attachment":[{"href":"https:\/\/kommunalismus.org\/index.php?rest_route=%2Fwp%2Fv2%2Fmedia&parent=400"}],"wp:term":[{"taxonomy":"category","embeddable":true,"href":"https:\/\/kommunalismus.org\/index.php?rest_route=%2Fwp%2Fv2%2Fcategories&post=400"},{"taxonomy":"post_tag","embeddable":true,"href":"https:\/\/kommunalismus.org\/index.php?rest_route=%2Fwp%2Fv2%2Ftags&post=400"}],"curies":[{"name":"wp","href":"https:\/\/api.w.org\/{rel}","templated":true}]}}